{"id":1634,"date":"2024-09-18T12:04:12","date_gmt":"2024-09-18T10:04:12","guid":{"rendered":"https:\/\/teresianas.sjdigitaldemo.ovh\/espiritualitat-per-a-un-mon-en-canvi\/"},"modified":"2024-11-11T09:41:46","modified_gmt":"2024-11-11T08:41:46","slug":"espiritualitat-per-a-un-mon-en-canvi","status":"publish","type":"post","link":"https:\/\/teresianaseuropa.org\/ca\/espiritualitat-per-a-un-mon-en-canvi\/","title":{"rendered":"Espiritualitat per a un m\u00f3n en canvi"},"content":{"rendered":"\n<p>En un m\u00f3n marcat per transformacions accelerades, conflictes socials i crisis ambientals, l&#8217;espiritualitat emergeix com un far que guia individus i comunitats cap a un sentit m\u00e9s profund de prop\u00f2sit i de cohesi\u00f3. L&#8217;espiritualitat, entesa no necess\u00e0riament des d&#8217;una perspectiva religiosa espec\u00edfica, sin\u00f3 com una cerca universal de significat, connexi\u00f3 i transcend\u00e8ncia, es presenta com una resposta vital davant dels desafiaments contemporanis. <\/p>\n\n<p>La globalitzaci\u00f3 i l&#8217;aven\u00e7 tecnol\u00f2gic han redefinit les interaccions humanes i han creat una sensaci\u00f3 d&#8217;interconnexi\u00f3 per\u00f2 tamb\u00e9 d&#8217;alienaci\u00f3. En aquest context, l&#8217;espiritualitat ofereix un espai per a la introspecci\u00f3 i l&#8217;autoconeixement, permetent a les persones reconnectar amb elles mateixes i amb els altres de manera m\u00e9s aut\u00e8ntica. Aquesta reconnexi\u00f3 \u00e9s essencial per contrarestar la fragmentaci\u00f3 social i fomentar una major empatia i comprensi\u00f3 m\u00fatua.  <\/p>\n\n<p>A m\u00e9s, l&#8217;espiritualitat proporciona un marc \u00e8tic que pot guiar les accions individuals i col\u00b7lectives cap al b\u00e9 com\u00fa. En temps de crisi, com ara l&#8217;emerg\u00e8ncia clim\u00e0tica actual, una orientaci\u00f3 espiritual pot inspirar un sentit de responsabilitat i comprom\u00eds amb la protecci\u00f3 del medi ambient i la just\u00edcia social. En promoure valors com ara la solidaritat, la compassi\u00f3 i la humilitat, l&#8217;espiritualitat contribueix a la construcci\u00f3 de comunitats m\u00e9s resilients i sostenibles.  <\/p>\n\n<p>Des d&#8217;una perspectiva teol\u00f2gica i antropol\u00f2gica, l&#8217;espiritualitat tamb\u00e9 hi juga un paper crucial en la definici\u00f3 de la identitat i el sentit de pertinen\u00e7a. En societats cada cop m\u00e9s diverses, on conviuen m\u00faltiples creences i tradicions, l&#8217;espiritualitat pot servir com un pont que uneix cultures diferents i fomenta el respecte per la diversitat. Aquest enfocament inclusiu \u00e9s fonamental per construir societats m\u00e9s justes i equitatives, on cada individu es pugui sentir valorat i escoltat.  <\/p>\n\n<p>L&#8217;espiritualitat no nom\u00e9s influeix a nivell personal, sin\u00f3 que tamb\u00e9 t\u00e9 el potencial de transformar les estructures socials i pol\u00edtiques. L\u00edders i moviments socials que integren principis espirituals a la seva visi\u00f3 i accions han demostrat una capacitat notable per inspirar canvis significatius i duradors. L&#8217;espiritualitat pot proporcionar la motivaci\u00f3 i la claredat necess\u00e0ries per fer front a injust\u00edcies, promoure la pau i fomentar el desenvolupament hum\u00e0 integral.  <\/p>\n\n<p>En l&#8217;\u00e0mbit educatiu, la incorporaci\u00f3 de l&#8217;espiritualitat als curr\u00edculums ia les pr\u00e0ctiques pedag\u00f2giques pot enriquir la formaci\u00f3 de les noves generacions. Fomentar una educaci\u00f3 que valori el desenvolupament espiritual, juntament amb l&#8217;intel\u00b7lectual i l&#8217;emocional, prepara els joves per enfrontar els reptes del futur amb una visi\u00f3 m\u00e9s completa i equilibrada. Aquesta educaci\u00f3 integral no nom\u00e9s millora el benestar individual, sin\u00f3 que tamb\u00e9 enforteix el teixit social en promoure ciutadans compromesos i conscients del seu paper a la societat.  <\/p>\n\n<p>Aix\u00f2 no obstant, \u00e9s important recon\u00e8ixer que l&#8217;espiritualitat ha de ser abordada amb respecte i sensibilitat, evitant imposar una visi\u00f3 particular i fomentant un di\u00e0leg obert i plural. L&#8217;espiritualitat aut\u00e8ntica es nodreix de la diversitat i s&#8217;enriqueix amb les diferents perspectives i les experi\u00e8ncies que cada individu aporta. <\/p>\n\n<p>En conclusi\u00f3, en un m\u00f3n en canvi constant, l&#8217;espiritualitat s&#8217;erigeix \u200b\u200bcom una eina poderosa per a la transformaci\u00f3 social. En oferir un sentit de prop\u00f2sit, fomentar l&#8217;empatia i guiar cap a una acci\u00f3 \u00e8tica, l&#8217;espiritualitat contribueix a crear societats m\u00e9s humanes, justes i sostenibles. Abra\u00e7ar l&#8217;espiritualitat en les m\u00faltiples dimensions \u00e9s, per tant, una aposta per un futur on el progr\u00e9s tecnol\u00f2gic i econ\u00f2mic vagi de la m\u00e0 amb el desenvolupament espiritual i moral de la humanitat.  <\/p>\n","protected":false},"excerpt":{"rendered":"<p>En un m\u00f3n marcat per transformacions accelerades, conflictes socials i crisis ambientals, l&#8217;espiritualitat emergeix com un far que guia individus i comunitats cap a un sentit m\u00e9s profund de prop\u00f2sit [&hellip;]<\/p>\n","protected":false},"author":1,"featured_media":1553,"comment_status":"closed","ping_status":"closed","sticky":false,"template":"","format":"standard","meta":{"_et_pb_use_builder":"","_et_pb_old_content":"","_et_gb_content_width":"","footnotes":""},"categories":[45],"tags":[],"class_list":["post-1634","post","type-post","status-publish","format-standard","has-post-thumbnail","hentry","category-mirada-teresiana-ca"],"yoast_head":"<!-- This site is optimized with the Yoast SEO plugin v27.4 - https:\/\/yoast.com\/product\/yoast-seo-wordpress\/ -->\n<title>Espiritualitat per a un m\u00f3n en canvi - Teresianas<\/title>\n<meta name=\"robots\" content=\"index, follow, max-snippet:-1, max-image-preview:large, max-video-preview:-1\" \/>\n<link rel=\"canonical\" href=\"https:\/\/teresianaseuropa.org\/ca\/espiritualitat-per-a-un-mon-en-canvi\/\" \/>\n<meta property=\"og:locale\" content=\"ca_ES\" \/>\n<meta property=\"og:type\" content=\"article\" \/>\n<meta property=\"og:title\" content=\"Espiritualitat per a un m\u00f3n en canvi - Teresianas\" \/>\n<meta property=\"og:description\" content=\"En un m\u00f3n marcat per transformacions accelerades, conflictes socials i crisis ambientals, l&#8217;espiritualitat emergeix com un far que guia individus i comunitats cap a un sentit m\u00e9s profund de prop\u00f2sit [&hellip;]\" \/>\n<meta property=\"og:url\" content=\"https:\/\/teresianaseuropa.org\/ca\/espiritualitat-per-a-un-mon-en-canvi\/\" \/>\n<meta property=\"og:site_name\" content=\"Teresianas\" \/>\n<meta property=\"article:published_time\" content=\"2024-09-18T10:04:12+00:00\" \/>\n<meta property=\"article:modified_time\" content=\"2024-11-11T08:41:46+00:00\" \/>\n<meta property=\"og:image\" content=\"https:\/\/teresianaseuropa.org\/wp-content\/uploads\/2024\/09\/IMG-20230925-WA0016-1.jpg\" \/>\n\t<meta property=\"og:image:width\" content=\"1024\" \/>\n\t<meta property=\"og:image:height\" content=\"768\" \/>\n\t<meta property=\"og:image:type\" content=\"image\/jpeg\" \/>\n<meta name=\"author\" content=\"admin\" \/>\n<meta name=\"twitter:card\" content=\"summary_large_image\" \/>\n<meta name=\"twitter:label1\" content=\"Escrit per\" \/>\n\t<meta name=\"twitter:data1\" content=\"admin\" \/>\n\t<meta name=\"twitter:label2\" content=\"Temps estimat de lectura\" \/>\n\t<meta name=\"twitter:data2\" content=\"3 minuts\" \/>\n<script type=\"application\/ld+json\" class=\"yoast-schema-graph\">{\"@context\":\"https:\\\/\\\/schema.org\",\"@graph\":[{\"@type\":\"Article\",\"@id\":\"https:\\\/\\\/teresianaseuropa.org\\\/ca\\\/espiritualitat-per-a-un-mon-en-canvi\\\/#article\",\"isPartOf\":{\"@id\":\"https:\\\/\\\/teresianaseuropa.org\\\/ca\\\/espiritualitat-per-a-un-mon-en-canvi\\\/\"},\"author\":{\"name\":\"admin\",\"@id\":\"https:\\\/\\\/teresianaseuropa.org\\\/ca\\\/#\\\/schema\\\/person\\\/ca7a1ce945bc287385a8a92f28b7bafe\"},\"headline\":\"Espiritualitat per a un m\u00f3n en canvi\",\"datePublished\":\"2024-09-18T10:04:12+00:00\",\"dateModified\":\"2024-11-11T08:41:46+00:00\",\"mainEntityOfPage\":{\"@id\":\"https:\\\/\\\/teresianaseuropa.org\\\/ca\\\/espiritualitat-per-a-un-mon-en-canvi\\\/\"},\"wordCount\":626,\"publisher\":{\"@id\":\"https:\\\/\\\/teresianaseuropa.org\\\/ca\\\/#organization\"},\"image\":{\"@id\":\"https:\\\/\\\/teresianaseuropa.org\\\/ca\\\/espiritualitat-per-a-un-mon-en-canvi\\\/#primaryimage\"},\"thumbnailUrl\":\"https:\\\/\\\/teresianaseuropa.org\\\/wp-content\\\/uploads\\\/2024\\\/09\\\/IMG-20230925-WA0016-1.jpg\",\"articleSection\":[\"Mirada Teresiana\"],\"inLanguage\":\"ca\"},{\"@type\":\"WebPage\",\"@id\":\"https:\\\/\\\/teresianaseuropa.org\\\/ca\\\/espiritualitat-per-a-un-mon-en-canvi\\\/\",\"url\":\"https:\\\/\\\/teresianaseuropa.org\\\/ca\\\/espiritualitat-per-a-un-mon-en-canvi\\\/\",\"name\":\"Espiritualitat per a un m\u00f3n en canvi - Teresianas\",\"isPartOf\":{\"@id\":\"https:\\\/\\\/teresianaseuropa.org\\\/ca\\\/#website\"},\"primaryImageOfPage\":{\"@id\":\"https:\\\/\\\/teresianaseuropa.org\\\/ca\\\/espiritualitat-per-a-un-mon-en-canvi\\\/#primaryimage\"},\"image\":{\"@id\":\"https:\\\/\\\/teresianaseuropa.org\\\/ca\\\/espiritualitat-per-a-un-mon-en-canvi\\\/#primaryimage\"},\"thumbnailUrl\":\"https:\\\/\\\/teresianaseuropa.org\\\/wp-content\\\/uploads\\\/2024\\\/09\\\/IMG-20230925-WA0016-1.jpg\",\"datePublished\":\"2024-09-18T10:04:12+00:00\",\"dateModified\":\"2024-11-11T08:41:46+00:00\",\"breadcrumb\":{\"@id\":\"https:\\\/\\\/teresianaseuropa.org\\\/ca\\\/espiritualitat-per-a-un-mon-en-canvi\\\/#breadcrumb\"},\"inLanguage\":\"ca\",\"potentialAction\":[{\"@type\":\"ReadAction\",\"target\":[\"https:\\\/\\\/teresianaseuropa.org\\\/ca\\\/espiritualitat-per-a-un-mon-en-canvi\\\/\"]}]},{\"@type\":\"ImageObject\",\"inLanguage\":\"ca\",\"@id\":\"https:\\\/\\\/teresianaseuropa.org\\\/ca\\\/espiritualitat-per-a-un-mon-en-canvi\\\/#primaryimage\",\"url\":\"https:\\\/\\\/teresianaseuropa.org\\\/wp-content\\\/uploads\\\/2024\\\/09\\\/IMG-20230925-WA0016-1.jpg\",\"contentUrl\":\"https:\\\/\\\/teresianaseuropa.org\\\/wp-content\\\/uploads\\\/2024\\\/09\\\/IMG-20230925-WA0016-1.jpg\",\"width\":1024,\"height\":768},{\"@type\":\"BreadcrumbList\",\"@id\":\"https:\\\/\\\/teresianaseuropa.org\\\/ca\\\/espiritualitat-per-a-un-mon-en-canvi\\\/#breadcrumb\",\"itemListElement\":[{\"@type\":\"ListItem\",\"position\":1,\"name\":\"Portada\",\"item\":\"https:\\\/\\\/teresianaseuropa.org\\\/ca\\\/teresianes\\\/\"},{\"@type\":\"ListItem\",\"position\":2,\"name\":\"Espiritualitat per a un m\u00f3n en canvi\"}]},{\"@type\":\"WebSite\",\"@id\":\"https:\\\/\\\/teresianaseuropa.org\\\/ca\\\/#website\",\"url\":\"https:\\\/\\\/teresianaseuropa.org\\\/ca\\\/\",\"name\":\"Teresianas Europa\",\"description\":\"\",\"publisher\":{\"@id\":\"https:\\\/\\\/teresianaseuropa.org\\\/ca\\\/#organization\"},\"potentialAction\":[{\"@type\":\"SearchAction\",\"target\":{\"@type\":\"EntryPoint\",\"urlTemplate\":\"https:\\\/\\\/teresianaseuropa.org\\\/ca\\\/?s={search_term_string}\"},\"query-input\":{\"@type\":\"PropertyValueSpecification\",\"valueRequired\":true,\"valueName\":\"search_term_string\"}}],\"inLanguage\":\"ca\"},{\"@type\":\"Organization\",\"@id\":\"https:\\\/\\\/teresianaseuropa.org\\\/ca\\\/#organization\",\"name\":\"Teresianas Provincia de Europa\",\"url\":\"https:\\\/\\\/teresianaseuropa.org\\\/ca\\\/\",\"logo\":{\"@type\":\"ImageObject\",\"inLanguage\":\"ca\",\"@id\":\"https:\\\/\\\/teresianaseuropa.org\\\/ca\\\/#\\\/schema\\\/logo\\\/image\\\/\",\"url\":\"https:\\\/\\\/teresianaseuropa.org\\\/wp-content\\\/uploads\\\/2024\\\/07\\\/stjLogo.png\",\"contentUrl\":\"https:\\\/\\\/teresianaseuropa.org\\\/wp-content\\\/uploads\\\/2024\\\/07\\\/stjLogo.png\",\"width\":376,\"height\":194,\"caption\":\"Teresianas Provincia de Europa\"},\"image\":{\"@id\":\"https:\\\/\\\/teresianaseuropa.org\\\/ca\\\/#\\\/schema\\\/logo\\\/image\\\/\"},\"sameAs\":[\"https:\\\/\\\/www.instagram.com\\\/teresianaseuropa\\\/\"]},{\"@type\":\"Person\",\"@id\":\"https:\\\/\\\/teresianaseuropa.org\\\/ca\\\/#\\\/schema\\\/person\\\/ca7a1ce945bc287385a8a92f28b7bafe\",\"name\":\"admin\",\"image\":{\"@type\":\"ImageObject\",\"inLanguage\":\"ca\",\"@id\":\"https:\\\/\\\/secure.gravatar.com\\\/avatar\\\/948b492cce32b586ac2db0eaa926ee87024f7afe218d73b397ea5ddfc5f43ea1?s=96&d=mm&r=g\",\"url\":\"https:\\\/\\\/secure.gravatar.com\\\/avatar\\\/948b492cce32b586ac2db0eaa926ee87024f7afe218d73b397ea5ddfc5f43ea1?s=96&d=mm&r=g\",\"contentUrl\":\"https:\\\/\\\/secure.gravatar.com\\\/avatar\\\/948b492cce32b586ac2db0eaa926ee87024f7afe218d73b397ea5ddfc5f43ea1?s=96&d=mm&r=g\",\"caption\":\"admin\"},\"sameAs\":[\"https:\\\/\\\/teresianaseuropa.org\"],\"url\":\"https:\\\/\\\/teresianaseuropa.org\\\/ca\\\/author\\\/sjdigital\\\/\"}]}<\/script>\n<!-- \/ Yoast SEO plugin. -->","yoast_head_json":{"title":"Espiritualitat per a un m\u00f3n en canvi - Teresianas","robots":{"index":"index","follow":"follow","max-snippet":"max-snippet:-1","max-image-preview":"max-image-preview:large","max-video-preview":"max-video-preview:-1"},"canonical":"https:\/\/teresianaseuropa.org\/ca\/espiritualitat-per-a-un-mon-en-canvi\/","og_locale":"ca_ES","og_type":"article","og_title":"Espiritualitat per a un m\u00f3n en canvi - Teresianas","og_description":"En un m\u00f3n marcat per transformacions accelerades, conflictes socials i crisis ambientals, l&#8217;espiritualitat emergeix com un far que guia individus i comunitats cap a un sentit m\u00e9s profund de prop\u00f2sit [&hellip;]","og_url":"https:\/\/teresianaseuropa.org\/ca\/espiritualitat-per-a-un-mon-en-canvi\/","og_site_name":"Teresianas","article_published_time":"2024-09-18T10:04:12+00:00","article_modified_time":"2024-11-11T08:41:46+00:00","og_image":[{"width":1024,"height":768,"url":"https:\/\/teresianaseuropa.org\/wp-content\/uploads\/2024\/09\/IMG-20230925-WA0016-1.jpg","type":"image\/jpeg"}],"author":"admin","twitter_card":"summary_large_image","twitter_misc":{"Escrit per":"admin","Temps estimat de lectura":"3 minuts"},"schema":{"@context":"https:\/\/schema.org","@graph":[{"@type":"Article","@id":"https:\/\/teresianaseuropa.org\/ca\/espiritualitat-per-a-un-mon-en-canvi\/#article","isPartOf":{"@id":"https:\/\/teresianaseuropa.org\/ca\/espiritualitat-per-a-un-mon-en-canvi\/"},"author":{"name":"admin","@id":"https:\/\/teresianaseuropa.org\/ca\/#\/schema\/person\/ca7a1ce945bc287385a8a92f28b7bafe"},"headline":"Espiritualitat per a un m\u00f3n en canvi","datePublished":"2024-09-18T10:04:12+00:00","dateModified":"2024-11-11T08:41:46+00:00","mainEntityOfPage":{"@id":"https:\/\/teresianaseuropa.org\/ca\/espiritualitat-per-a-un-mon-en-canvi\/"},"wordCount":626,"publisher":{"@id":"https:\/\/teresianaseuropa.org\/ca\/#organization"},"image":{"@id":"https:\/\/teresianaseuropa.org\/ca\/espiritualitat-per-a-un-mon-en-canvi\/#primaryimage"},"thumbnailUrl":"https:\/\/teresianaseuropa.org\/wp-content\/uploads\/2024\/09\/IMG-20230925-WA0016-1.jpg","articleSection":["Mirada Teresiana"],"inLanguage":"ca"},{"@type":"WebPage","@id":"https:\/\/teresianaseuropa.org\/ca\/espiritualitat-per-a-un-mon-en-canvi\/","url":"https:\/\/teresianaseuropa.org\/ca\/espiritualitat-per-a-un-mon-en-canvi\/","name":"Espiritualitat per a un m\u00f3n en canvi - Teresianas","isPartOf":{"@id":"https:\/\/teresianaseuropa.org\/ca\/#website"},"primaryImageOfPage":{"@id":"https:\/\/teresianaseuropa.org\/ca\/espiritualitat-per-a-un-mon-en-canvi\/#primaryimage"},"image":{"@id":"https:\/\/teresianaseuropa.org\/ca\/espiritualitat-per-a-un-mon-en-canvi\/#primaryimage"},"thumbnailUrl":"https:\/\/teresianaseuropa.org\/wp-content\/uploads\/2024\/09\/IMG-20230925-WA0016-1.jpg","datePublished":"2024-09-18T10:04:12+00:00","dateModified":"2024-11-11T08:41:46+00:00","breadcrumb":{"@id":"https:\/\/teresianaseuropa.org\/ca\/espiritualitat-per-a-un-mon-en-canvi\/#breadcrumb"},"inLanguage":"ca","potentialAction":[{"@type":"ReadAction","target":["https:\/\/teresianaseuropa.org\/ca\/espiritualitat-per-a-un-mon-en-canvi\/"]}]},{"@type":"ImageObject","inLanguage":"ca","@id":"https:\/\/teresianaseuropa.org\/ca\/espiritualitat-per-a-un-mon-en-canvi\/#primaryimage","url":"https:\/\/teresianaseuropa.org\/wp-content\/uploads\/2024\/09\/IMG-20230925-WA0016-1.jpg","contentUrl":"https:\/\/teresianaseuropa.org\/wp-content\/uploads\/2024\/09\/IMG-20230925-WA0016-1.jpg","width":1024,"height":768},{"@type":"BreadcrumbList","@id":"https:\/\/teresianaseuropa.org\/ca\/espiritualitat-per-a-un-mon-en-canvi\/#breadcrumb","itemListElement":[{"@type":"ListItem","position":1,"name":"Portada","item":"https:\/\/teresianaseuropa.org\/ca\/teresianes\/"},{"@type":"ListItem","position":2,"name":"Espiritualitat per a un m\u00f3n en canvi"}]},{"@type":"WebSite","@id":"https:\/\/teresianaseuropa.org\/ca\/#website","url":"https:\/\/teresianaseuropa.org\/ca\/","name":"Teresianas Europa","description":"","publisher":{"@id":"https:\/\/teresianaseuropa.org\/ca\/#organization"},"potentialAction":[{"@type":"SearchAction","target":{"@type":"EntryPoint","urlTemplate":"https:\/\/teresianaseuropa.org\/ca\/?s={search_term_string}"},"query-input":{"@type":"PropertyValueSpecification","valueRequired":true,"valueName":"search_term_string"}}],"inLanguage":"ca"},{"@type":"Organization","@id":"https:\/\/teresianaseuropa.org\/ca\/#organization","name":"Teresianas Provincia de Europa","url":"https:\/\/teresianaseuropa.org\/ca\/","logo":{"@type":"ImageObject","inLanguage":"ca","@id":"https:\/\/teresianaseuropa.org\/ca\/#\/schema\/logo\/image\/","url":"https:\/\/teresianaseuropa.org\/wp-content\/uploads\/2024\/07\/stjLogo.png","contentUrl":"https:\/\/teresianaseuropa.org\/wp-content\/uploads\/2024\/07\/stjLogo.png","width":376,"height":194,"caption":"Teresianas Provincia de Europa"},"image":{"@id":"https:\/\/teresianaseuropa.org\/ca\/#\/schema\/logo\/image\/"},"sameAs":["https:\/\/www.instagram.com\/teresianaseuropa\/"]},{"@type":"Person","@id":"https:\/\/teresianaseuropa.org\/ca\/#\/schema\/person\/ca7a1ce945bc287385a8a92f28b7bafe","name":"admin","image":{"@type":"ImageObject","inLanguage":"ca","@id":"https:\/\/secure.gravatar.com\/avatar\/948b492cce32b586ac2db0eaa926ee87024f7afe218d73b397ea5ddfc5f43ea1?s=96&d=mm&r=g","url":"https:\/\/secure.gravatar.com\/avatar\/948b492cce32b586ac2db0eaa926ee87024f7afe218d73b397ea5ddfc5f43ea1?s=96&d=mm&r=g","contentUrl":"https:\/\/secure.gravatar.com\/avatar\/948b492cce32b586ac2db0eaa926ee87024f7afe218d73b397ea5ddfc5f43ea1?s=96&d=mm&r=g","caption":"admin"},"sameAs":["https:\/\/teresianaseuropa.org"],"url":"https:\/\/teresianaseuropa.org\/ca\/author\/sjdigital\/"}]}},"_links":{"self":[{"href":"https:\/\/teresianaseuropa.org\/ca\/wp-json\/wp\/v2\/posts\/1634","targetHints":{"allow":["GET"]}}],"collection":[{"href":"https:\/\/teresianaseuropa.org\/ca\/wp-json\/wp\/v2\/posts"}],"about":[{"href":"https:\/\/teresianaseuropa.org\/ca\/wp-json\/wp\/v2\/types\/post"}],"author":[{"embeddable":true,"href":"https:\/\/teresianaseuropa.org\/ca\/wp-json\/wp\/v2\/users\/1"}],"replies":[{"embeddable":true,"href":"https:\/\/teresianaseuropa.org\/ca\/wp-json\/wp\/v2\/comments?post=1634"}],"version-history":[{"count":1,"href":"https:\/\/teresianaseuropa.org\/ca\/wp-json\/wp\/v2\/posts\/1634\/revisions"}],"predecessor-version":[{"id":1638,"href":"https:\/\/teresianaseuropa.org\/ca\/wp-json\/wp\/v2\/posts\/1634\/revisions\/1638"}],"wp:featuredmedia":[{"embeddable":true,"href":"https:\/\/teresianaseuropa.org\/ca\/wp-json\/wp\/v2\/media\/1553"}],"wp:attachment":[{"href":"https:\/\/teresianaseuropa.org\/ca\/wp-json\/wp\/v2\/media?parent=1634"}],"wp:term":[{"taxonomy":"category","embeddable":true,"href":"https:\/\/teresianaseuropa.org\/ca\/wp-json\/wp\/v2\/categories?post=1634"},{"taxonomy":"post_tag","embeddable":true,"href":"https:\/\/teresianaseuropa.org\/ca\/wp-json\/wp\/v2\/tags?post=1634"}],"curies":[{"name":"wp","href":"https:\/\/api.w.org\/{rel}","templated":true}]}}