{"id":1627,"date":"2024-09-18T12:04:12","date_gmt":"2024-09-18T10:04:12","guid":{"rendered":"https:\/\/teresianas.sjdigitaldemo.ovh\/espiritualidade-para-um-mundo-em-mudanca\/"},"modified":"2024-11-11T09:41:46","modified_gmt":"2024-11-11T08:41:46","slug":"espiritualidade-para-um-mundo-em-mudanca","status":"publish","type":"post","link":"https:\/\/teresianaseuropa.org\/pt-pt\/espiritualidade-para-um-mundo-em-mudanca\/","title":{"rendered":"Espiritualidade para um mundo em mudan\u00e7a"},"content":{"rendered":"\n<p>Num mundo marcado por transforma\u00e7\u00f5es aceleradas, conflitos sociais e crises ambientais, a espiritualidade surge como um farol que orienta os indiv\u00edduos e as comunidades para um sentido mais profundo de objetivo e coes\u00e3o. A espiritualidade, entendida n\u00e3o necessariamente a partir de uma perspetiva religiosa espec\u00edfica, mas como uma busca universal de significado, liga\u00e7\u00e3o e transcend\u00eancia, apresenta-se como uma resposta vital aos desafios contempor\u00e2neos. <\/p>\n\n<p>A globaliza\u00e7\u00e3o e o avan\u00e7o tecnol\u00f3gico redefiniram as intera\u00e7\u00f5es humanas, criando um sentimento de interconex\u00e3o, mas tamb\u00e9m de aliena\u00e7\u00e3o. Neste contexto, a espiritualidade oferece um espa\u00e7o para a introspe\u00e7\u00e3o e o auto-conhecimento, permitindo que as pessoas se reconectem consigo pr\u00f3prias e com os outros de uma forma mais aut\u00eantica. Esta liga\u00e7\u00e3o \u00e9 essencial para contrariar a fragmenta\u00e7\u00e3o social e promover uma maior empatia e compreens\u00e3o m\u00fatua.  <\/p>\n\n<p>Al\u00e9m disso, a espiritualidade proporciona um quadro \u00e9tico que pode orientar as ac\u00e7\u00f5es individuais e colectivas para o bem comum. Em tempos de crise, como a atual emerg\u00eancia clim\u00e1tica, uma orienta\u00e7\u00e3o espiritual pode inspirar um sentido de responsabilidade e um compromisso com a prote\u00e7\u00e3o ambiental e a justi\u00e7a social. Ao promover valores como a solidariedade, a compaix\u00e3o e a humildade, a espiritualidade contribui para a constru\u00e7\u00e3o de comunidades mais resilientes e sustent\u00e1veis.  <\/p>\n\n<p>De uma perspetiva teol\u00f3gica e antropol\u00f3gica, a espiritualidade tamb\u00e9m desempenha um papel crucial na defini\u00e7\u00e3o da identidade e do sentimento de perten\u00e7a. Em sociedades cada vez mais diversificadas, onde coexistem m\u00faltiplas cren\u00e7as e tradi\u00e7\u00f5es, a espiritualidade pode servir como uma ponte que une diferentes culturas e promove o respeito pela diversidade. Esta abordagem inclusiva \u00e9 fundamental para a constru\u00e7\u00e3o de sociedades mais justas e equitativas, onde cada indiv\u00edduo pode sentir-se valorizado e ouvido.  <\/p>\n\n<p>A espiritualidade n\u00e3o influencia apenas a esfera pessoal, mas tamb\u00e9m tem o potencial de transformar as estruturas sociais e pol\u00edticas. Os l\u00edderes e os movimentos sociais que integram princ\u00edpios espirituais na sua vis\u00e3o e nas suas ac\u00e7\u00f5es t\u00eam demonstrado uma capacidade not\u00e1vel de inspirar mudan\u00e7as significativas e duradouras. A espiritualidade pode proporcionar a motiva\u00e7\u00e3o e a clareza necess\u00e1rias para enfrentar as injusti\u00e7as, promover a paz e fomentar o desenvolvimento humano integral.  <\/p>\n\n<p>No campo da educa\u00e7\u00e3o, a incorpora\u00e7\u00e3o da espiritualidade nos curr\u00edculos e nas pr\u00e1ticas pedag\u00f3gicas pode enriquecer a forma\u00e7\u00e3o das novas gera\u00e7\u00f5es. Promover uma educa\u00e7\u00e3o que valorize o desenvolvimento espiritual, a par do desenvolvimento intelectual e emocional, prepara os jovens para enfrentar os desafios do futuro com uma vis\u00e3o mais completa e equilibrada. Esta educa\u00e7\u00e3o hol\u00edstica n\u00e3o s\u00f3 melhora o bem-estar individual, como tamb\u00e9m fortalece o tecido social, promovendo cidad\u00e3os empenhados e conscientes do seu papel na sociedade.  <\/p>\n\n<p>No entanto, \u00e9 importante reconhecer que a espiritualidade deve ser abordada com respeito e sensibilidade, evitando impor uma vis\u00e3o particular e encorajando um di\u00e1logo aberto e pluralista. A espiritualidade aut\u00eantica prospera na diversidade e \u00e9 enriquecida pelas diferentes perspectivas e experi\u00eancias que cada indiv\u00edduo traz consigo. <\/p>\n\n<p>Em conclus\u00e3o, num mundo em mudan\u00e7a, a espiritualidade \u00e9 uma ferramenta poderosa para a transforma\u00e7\u00e3o social. Ao oferecer um sentido de prop\u00f3sito, ao fomentar a empatia e ao orientar para uma a\u00e7\u00e3o \u00e9tica, a espiritualidade contribui para a cria\u00e7\u00e3o de sociedades mais humanas, justas e sustent\u00e1veis. Abra\u00e7ar a espiritualidade nas suas m\u00faltiplas dimens\u00f5es \u00e9, portanto, um compromisso com um futuro em que o progresso tecnol\u00f3gico e econ\u00f3mico anda de m\u00e3os dadas com o desenvolvimento espiritual e moral da humanidade.  <\/p>\n","protected":false},"excerpt":{"rendered":"<p>Num mundo marcado por transforma\u00e7\u00f5es aceleradas, conflitos sociais e crises ambientais, a espiritualidade surge como um farol que orienta os indiv\u00edduos e as comunidades para um sentido mais profundo de [&hellip;]<\/p>\n","protected":false},"author":1,"featured_media":1554,"comment_status":"closed","ping_status":"closed","sticky":false,"template":"","format":"standard","meta":{"_et_pb_use_builder":"","_et_pb_old_content":"","_et_gb_content_width":"","footnotes":""},"categories":[44],"tags":[],"class_list":["post-1627","post","type-post","status-publish","format-standard","has-post-thumbnail","hentry","category-olhar-teresiano"],"yoast_head":"<!-- This site is optimized with the Yoast SEO plugin v27.5 - https:\/\/yoast.com\/product\/yoast-seo-wordpress\/ -->\n<title>Espiritualidade para um mundo em mudan\u00e7a - Teresianas<\/title>\n<meta name=\"robots\" content=\"index, follow, max-snippet:-1, max-image-preview:large, max-video-preview:-1\" \/>\n<link rel=\"canonical\" href=\"https:\/\/teresianaseuropa.org\/pt-pt\/espiritualidade-para-um-mundo-em-mudanca\/\" \/>\n<meta property=\"og:locale\" content=\"pt_PT\" \/>\n<meta property=\"og:type\" content=\"article\" \/>\n<meta property=\"og:title\" content=\"Espiritualidade para um mundo em mudan\u00e7a - Teresianas\" \/>\n<meta property=\"og:description\" content=\"Num mundo marcado por transforma\u00e7\u00f5es aceleradas, conflitos sociais e crises ambientais, a espiritualidade surge como um farol que orienta os indiv\u00edduos e as comunidades para um sentido mais profundo de [&hellip;]\" \/>\n<meta property=\"og:url\" content=\"https:\/\/teresianaseuropa.org\/pt-pt\/espiritualidade-para-um-mundo-em-mudanca\/\" \/>\n<meta property=\"og:site_name\" content=\"Teresianas\" \/>\n<meta property=\"article:published_time\" content=\"2024-09-18T10:04:12+00:00\" \/>\n<meta property=\"article:modified_time\" content=\"2024-11-11T08:41:46+00:00\" \/>\n<meta property=\"og:image\" content=\"https:\/\/teresianaseuropa.org\/wp-content\/uploads\/2024\/09\/IMG-20230925-WA0016-1.jpg\" \/>\n\t<meta property=\"og:image:width\" content=\"1024\" \/>\n\t<meta property=\"og:image:height\" content=\"768\" \/>\n\t<meta property=\"og:image:type\" content=\"image\/jpeg\" \/>\n<meta name=\"author\" content=\"admin\" \/>\n<meta name=\"twitter:card\" content=\"summary_large_image\" \/>\n<meta name=\"twitter:label1\" content=\"Escrito por\" \/>\n\t<meta name=\"twitter:data1\" content=\"admin\" \/>\n\t<meta name=\"twitter:label2\" content=\"Tempo estimado de leitura\" \/>\n\t<meta name=\"twitter:data2\" content=\"3 minutos\" \/>\n<script type=\"application\/ld+json\" class=\"yoast-schema-graph\">{\"@context\":\"https:\\\/\\\/schema.org\",\"@graph\":[{\"@type\":\"Article\",\"@id\":\"https:\\\/\\\/teresianaseuropa.org\\\/pt-pt\\\/espiritualidade-para-um-mundo-em-mudanca\\\/#article\",\"isPartOf\":{\"@id\":\"https:\\\/\\\/teresianaseuropa.org\\\/pt-pt\\\/espiritualidade-para-um-mundo-em-mudanca\\\/\"},\"author\":{\"name\":\"admin\",\"@id\":\"https:\\\/\\\/teresianaseuropa.org\\\/pt-pt\\\/#\\\/schema\\\/person\\\/ca7a1ce945bc287385a8a92f28b7bafe\"},\"headline\":\"Espiritualidade para um mundo em mudan\u00e7a\",\"datePublished\":\"2024-09-18T10:04:12+00:00\",\"dateModified\":\"2024-11-11T08:41:46+00:00\",\"mainEntityOfPage\":{\"@id\":\"https:\\\/\\\/teresianaseuropa.org\\\/pt-pt\\\/espiritualidade-para-um-mundo-em-mudanca\\\/\"},\"wordCount\":636,\"publisher\":{\"@id\":\"https:\\\/\\\/teresianaseuropa.org\\\/pt-pt\\\/#organization\"},\"image\":{\"@id\":\"https:\\\/\\\/teresianaseuropa.org\\\/pt-pt\\\/espiritualidade-para-um-mundo-em-mudanca\\\/#primaryimage\"},\"thumbnailUrl\":\"https:\\\/\\\/teresianaseuropa.org\\\/wp-content\\\/uploads\\\/2024\\\/09\\\/IMG-20230925-WA0016-1.jpg\",\"articleSection\":[\"Olhar teresiano\"],\"inLanguage\":\"pt-PT\"},{\"@type\":\"WebPage\",\"@id\":\"https:\\\/\\\/teresianaseuropa.org\\\/pt-pt\\\/espiritualidade-para-um-mundo-em-mudanca\\\/\",\"url\":\"https:\\\/\\\/teresianaseuropa.org\\\/pt-pt\\\/espiritualidade-para-um-mundo-em-mudanca\\\/\",\"name\":\"Espiritualidade para um mundo em mudan\u00e7a - Teresianas\",\"isPartOf\":{\"@id\":\"https:\\\/\\\/teresianaseuropa.org\\\/pt-pt\\\/#website\"},\"primaryImageOfPage\":{\"@id\":\"https:\\\/\\\/teresianaseuropa.org\\\/pt-pt\\\/espiritualidade-para-um-mundo-em-mudanca\\\/#primaryimage\"},\"image\":{\"@id\":\"https:\\\/\\\/teresianaseuropa.org\\\/pt-pt\\\/espiritualidade-para-um-mundo-em-mudanca\\\/#primaryimage\"},\"thumbnailUrl\":\"https:\\\/\\\/teresianaseuropa.org\\\/wp-content\\\/uploads\\\/2024\\\/09\\\/IMG-20230925-WA0016-1.jpg\",\"datePublished\":\"2024-09-18T10:04:12+00:00\",\"dateModified\":\"2024-11-11T08:41:46+00:00\",\"breadcrumb\":{\"@id\":\"https:\\\/\\\/teresianaseuropa.org\\\/pt-pt\\\/espiritualidade-para-um-mundo-em-mudanca\\\/#breadcrumb\"},\"inLanguage\":\"pt-PT\",\"potentialAction\":[{\"@type\":\"ReadAction\",\"target\":[\"https:\\\/\\\/teresianaseuropa.org\\\/pt-pt\\\/espiritualidade-para-um-mundo-em-mudanca\\\/\"]}]},{\"@type\":\"ImageObject\",\"inLanguage\":\"pt-PT\",\"@id\":\"https:\\\/\\\/teresianaseuropa.org\\\/pt-pt\\\/espiritualidade-para-um-mundo-em-mudanca\\\/#primaryimage\",\"url\":\"https:\\\/\\\/teresianaseuropa.org\\\/wp-content\\\/uploads\\\/2024\\\/09\\\/IMG-20230925-WA0016-1.jpg\",\"contentUrl\":\"https:\\\/\\\/teresianaseuropa.org\\\/wp-content\\\/uploads\\\/2024\\\/09\\\/IMG-20230925-WA0016-1.jpg\",\"width\":1024,\"height\":768},{\"@type\":\"BreadcrumbList\",\"@id\":\"https:\\\/\\\/teresianaseuropa.org\\\/pt-pt\\\/espiritualidade-para-um-mundo-em-mudanca\\\/#breadcrumb\",\"itemListElement\":[{\"@type\":\"ListItem\",\"position\":1,\"name\":\"Portada\",\"item\":\"https:\\\/\\\/teresianaseuropa.org\\\/pt-pt\\\/irmas-teresianas\\\/\"},{\"@type\":\"ListItem\",\"position\":2,\"name\":\"Espiritualidade para um mundo em mudan\u00e7a\"}]},{\"@type\":\"WebSite\",\"@id\":\"https:\\\/\\\/teresianaseuropa.org\\\/pt-pt\\\/#website\",\"url\":\"https:\\\/\\\/teresianaseuropa.org\\\/pt-pt\\\/\",\"name\":\"Teresianas Europa\",\"description\":\"\",\"publisher\":{\"@id\":\"https:\\\/\\\/teresianaseuropa.org\\\/pt-pt\\\/#organization\"},\"potentialAction\":[{\"@type\":\"SearchAction\",\"target\":{\"@type\":\"EntryPoint\",\"urlTemplate\":\"https:\\\/\\\/teresianaseuropa.org\\\/pt-pt\\\/?s={search_term_string}\"},\"query-input\":{\"@type\":\"PropertyValueSpecification\",\"valueRequired\":true,\"valueName\":\"search_term_string\"}}],\"inLanguage\":\"pt-PT\"},{\"@type\":\"Organization\",\"@id\":\"https:\\\/\\\/teresianaseuropa.org\\\/pt-pt\\\/#organization\",\"name\":\"Teresianas Provincia de Europa\",\"url\":\"https:\\\/\\\/teresianaseuropa.org\\\/pt-pt\\\/\",\"logo\":{\"@type\":\"ImageObject\",\"inLanguage\":\"pt-PT\",\"@id\":\"https:\\\/\\\/teresianaseuropa.org\\\/pt-pt\\\/#\\\/schema\\\/logo\\\/image\\\/\",\"url\":\"https:\\\/\\\/teresianaseuropa.org\\\/wp-content\\\/uploads\\\/2024\\\/07\\\/stjLogo.png\",\"contentUrl\":\"https:\\\/\\\/teresianaseuropa.org\\\/wp-content\\\/uploads\\\/2024\\\/07\\\/stjLogo.png\",\"width\":376,\"height\":194,\"caption\":\"Teresianas Provincia de Europa\"},\"image\":{\"@id\":\"https:\\\/\\\/teresianaseuropa.org\\\/pt-pt\\\/#\\\/schema\\\/logo\\\/image\\\/\"},\"sameAs\":[\"https:\\\/\\\/www.instagram.com\\\/teresianaseuropa\\\/\"]},{\"@type\":\"Person\",\"@id\":\"https:\\\/\\\/teresianaseuropa.org\\\/pt-pt\\\/#\\\/schema\\\/person\\\/ca7a1ce945bc287385a8a92f28b7bafe\",\"name\":\"admin\",\"image\":{\"@type\":\"ImageObject\",\"inLanguage\":\"pt-PT\",\"@id\":\"https:\\\/\\\/secure.gravatar.com\\\/avatar\\\/948b492cce32b586ac2db0eaa926ee87024f7afe218d73b397ea5ddfc5f43ea1?s=96&d=mm&r=g\",\"url\":\"https:\\\/\\\/secure.gravatar.com\\\/avatar\\\/948b492cce32b586ac2db0eaa926ee87024f7afe218d73b397ea5ddfc5f43ea1?s=96&d=mm&r=g\",\"contentUrl\":\"https:\\\/\\\/secure.gravatar.com\\\/avatar\\\/948b492cce32b586ac2db0eaa926ee87024f7afe218d73b397ea5ddfc5f43ea1?s=96&d=mm&r=g\",\"caption\":\"admin\"},\"sameAs\":[\"https:\\\/\\\/teresianaseuropa.org\"],\"url\":\"https:\\\/\\\/teresianaseuropa.org\\\/pt-pt\\\/author\\\/sjdigital\\\/\"}]}<\/script>\n<!-- \/ Yoast SEO plugin. -->","yoast_head_json":{"title":"Espiritualidade para um mundo em mudan\u00e7a - Teresianas","robots":{"index":"index","follow":"follow","max-snippet":"max-snippet:-1","max-image-preview":"max-image-preview:large","max-video-preview":"max-video-preview:-1"},"canonical":"https:\/\/teresianaseuropa.org\/pt-pt\/espiritualidade-para-um-mundo-em-mudanca\/","og_locale":"pt_PT","og_type":"article","og_title":"Espiritualidade para um mundo em mudan\u00e7a - Teresianas","og_description":"Num mundo marcado por transforma\u00e7\u00f5es aceleradas, conflitos sociais e crises ambientais, a espiritualidade surge como um farol que orienta os indiv\u00edduos e as comunidades para um sentido mais profundo de [&hellip;]","og_url":"https:\/\/teresianaseuropa.org\/pt-pt\/espiritualidade-para-um-mundo-em-mudanca\/","og_site_name":"Teresianas","article_published_time":"2024-09-18T10:04:12+00:00","article_modified_time":"2024-11-11T08:41:46+00:00","og_image":[{"width":1024,"height":768,"url":"https:\/\/teresianaseuropa.org\/wp-content\/uploads\/2024\/09\/IMG-20230925-WA0016-1.jpg","type":"image\/jpeg"}],"author":"admin","twitter_card":"summary_large_image","twitter_misc":{"Escrito por":"admin","Tempo estimado de leitura":"3 minutos"},"schema":{"@context":"https:\/\/schema.org","@graph":[{"@type":"Article","@id":"https:\/\/teresianaseuropa.org\/pt-pt\/espiritualidade-para-um-mundo-em-mudanca\/#article","isPartOf":{"@id":"https:\/\/teresianaseuropa.org\/pt-pt\/espiritualidade-para-um-mundo-em-mudanca\/"},"author":{"name":"admin","@id":"https:\/\/teresianaseuropa.org\/pt-pt\/#\/schema\/person\/ca7a1ce945bc287385a8a92f28b7bafe"},"headline":"Espiritualidade para um mundo em mudan\u00e7a","datePublished":"2024-09-18T10:04:12+00:00","dateModified":"2024-11-11T08:41:46+00:00","mainEntityOfPage":{"@id":"https:\/\/teresianaseuropa.org\/pt-pt\/espiritualidade-para-um-mundo-em-mudanca\/"},"wordCount":636,"publisher":{"@id":"https:\/\/teresianaseuropa.org\/pt-pt\/#organization"},"image":{"@id":"https:\/\/teresianaseuropa.org\/pt-pt\/espiritualidade-para-um-mundo-em-mudanca\/#primaryimage"},"thumbnailUrl":"https:\/\/teresianaseuropa.org\/wp-content\/uploads\/2024\/09\/IMG-20230925-WA0016-1.jpg","articleSection":["Olhar teresiano"],"inLanguage":"pt-PT"},{"@type":"WebPage","@id":"https:\/\/teresianaseuropa.org\/pt-pt\/espiritualidade-para-um-mundo-em-mudanca\/","url":"https:\/\/teresianaseuropa.org\/pt-pt\/espiritualidade-para-um-mundo-em-mudanca\/","name":"Espiritualidade para um mundo em mudan\u00e7a - Teresianas","isPartOf":{"@id":"https:\/\/teresianaseuropa.org\/pt-pt\/#website"},"primaryImageOfPage":{"@id":"https:\/\/teresianaseuropa.org\/pt-pt\/espiritualidade-para-um-mundo-em-mudanca\/#primaryimage"},"image":{"@id":"https:\/\/teresianaseuropa.org\/pt-pt\/espiritualidade-para-um-mundo-em-mudanca\/#primaryimage"},"thumbnailUrl":"https:\/\/teresianaseuropa.org\/wp-content\/uploads\/2024\/09\/IMG-20230925-WA0016-1.jpg","datePublished":"2024-09-18T10:04:12+00:00","dateModified":"2024-11-11T08:41:46+00:00","breadcrumb":{"@id":"https:\/\/teresianaseuropa.org\/pt-pt\/espiritualidade-para-um-mundo-em-mudanca\/#breadcrumb"},"inLanguage":"pt-PT","potentialAction":[{"@type":"ReadAction","target":["https:\/\/teresianaseuropa.org\/pt-pt\/espiritualidade-para-um-mundo-em-mudanca\/"]}]},{"@type":"ImageObject","inLanguage":"pt-PT","@id":"https:\/\/teresianaseuropa.org\/pt-pt\/espiritualidade-para-um-mundo-em-mudanca\/#primaryimage","url":"https:\/\/teresianaseuropa.org\/wp-content\/uploads\/2024\/09\/IMG-20230925-WA0016-1.jpg","contentUrl":"https:\/\/teresianaseuropa.org\/wp-content\/uploads\/2024\/09\/IMG-20230925-WA0016-1.jpg","width":1024,"height":768},{"@type":"BreadcrumbList","@id":"https:\/\/teresianaseuropa.org\/pt-pt\/espiritualidade-para-um-mundo-em-mudanca\/#breadcrumb","itemListElement":[{"@type":"ListItem","position":1,"name":"Portada","item":"https:\/\/teresianaseuropa.org\/pt-pt\/irmas-teresianas\/"},{"@type":"ListItem","position":2,"name":"Espiritualidade para um mundo em mudan\u00e7a"}]},{"@type":"WebSite","@id":"https:\/\/teresianaseuropa.org\/pt-pt\/#website","url":"https:\/\/teresianaseuropa.org\/pt-pt\/","name":"Teresianas Europa","description":"","publisher":{"@id":"https:\/\/teresianaseuropa.org\/pt-pt\/#organization"},"potentialAction":[{"@type":"SearchAction","target":{"@type":"EntryPoint","urlTemplate":"https:\/\/teresianaseuropa.org\/pt-pt\/?s={search_term_string}"},"query-input":{"@type":"PropertyValueSpecification","valueRequired":true,"valueName":"search_term_string"}}],"inLanguage":"pt-PT"},{"@type":"Organization","@id":"https:\/\/teresianaseuropa.org\/pt-pt\/#organization","name":"Teresianas Provincia de Europa","url":"https:\/\/teresianaseuropa.org\/pt-pt\/","logo":{"@type":"ImageObject","inLanguage":"pt-PT","@id":"https:\/\/teresianaseuropa.org\/pt-pt\/#\/schema\/logo\/image\/","url":"https:\/\/teresianaseuropa.org\/wp-content\/uploads\/2024\/07\/stjLogo.png","contentUrl":"https:\/\/teresianaseuropa.org\/wp-content\/uploads\/2024\/07\/stjLogo.png","width":376,"height":194,"caption":"Teresianas Provincia de Europa"},"image":{"@id":"https:\/\/teresianaseuropa.org\/pt-pt\/#\/schema\/logo\/image\/"},"sameAs":["https:\/\/www.instagram.com\/teresianaseuropa\/"]},{"@type":"Person","@id":"https:\/\/teresianaseuropa.org\/pt-pt\/#\/schema\/person\/ca7a1ce945bc287385a8a92f28b7bafe","name":"admin","image":{"@type":"ImageObject","inLanguage":"pt-PT","@id":"https:\/\/secure.gravatar.com\/avatar\/948b492cce32b586ac2db0eaa926ee87024f7afe218d73b397ea5ddfc5f43ea1?s=96&d=mm&r=g","url":"https:\/\/secure.gravatar.com\/avatar\/948b492cce32b586ac2db0eaa926ee87024f7afe218d73b397ea5ddfc5f43ea1?s=96&d=mm&r=g","contentUrl":"https:\/\/secure.gravatar.com\/avatar\/948b492cce32b586ac2db0eaa926ee87024f7afe218d73b397ea5ddfc5f43ea1?s=96&d=mm&r=g","caption":"admin"},"sameAs":["https:\/\/teresianaseuropa.org"],"url":"https:\/\/teresianaseuropa.org\/pt-pt\/author\/sjdigital\/"}]}},"_links":{"self":[{"href":"https:\/\/teresianaseuropa.org\/pt-pt\/wp-json\/wp\/v2\/posts\/1627","targetHints":{"allow":["GET"]}}],"collection":[{"href":"https:\/\/teresianaseuropa.org\/pt-pt\/wp-json\/wp\/v2\/posts"}],"about":[{"href":"https:\/\/teresianaseuropa.org\/pt-pt\/wp-json\/wp\/v2\/types\/post"}],"author":[{"embeddable":true,"href":"https:\/\/teresianaseuropa.org\/pt-pt\/wp-json\/wp\/v2\/users\/1"}],"replies":[{"embeddable":true,"href":"https:\/\/teresianaseuropa.org\/pt-pt\/wp-json\/wp\/v2\/comments?post=1627"}],"version-history":[{"count":1,"href":"https:\/\/teresianaseuropa.org\/pt-pt\/wp-json\/wp\/v2\/posts\/1627\/revisions"}],"predecessor-version":[{"id":1630,"href":"https:\/\/teresianaseuropa.org\/pt-pt\/wp-json\/wp\/v2\/posts\/1627\/revisions\/1630"}],"wp:featuredmedia":[{"embeddable":true,"href":"https:\/\/teresianaseuropa.org\/pt-pt\/wp-json\/wp\/v2\/media\/1554"}],"wp:attachment":[{"href":"https:\/\/teresianaseuropa.org\/pt-pt\/wp-json\/wp\/v2\/media?parent=1627"}],"wp:term":[{"taxonomy":"category","embeddable":true,"href":"https:\/\/teresianaseuropa.org\/pt-pt\/wp-json\/wp\/v2\/categories?post=1627"},{"taxonomy":"post_tag","embeddable":true,"href":"https:\/\/teresianaseuropa.org\/pt-pt\/wp-json\/wp\/v2\/tags?post=1627"}],"curies":[{"name":"wp","href":"https:\/\/api.w.org\/{rel}","templated":true}]}}