{"id":1641,"date":"2024-09-18T12:01:56","date_gmt":"2024-09-18T10:01:56","guid":{"rendered":"https:\/\/teresianas.sjdigitaldemo.ovh\/a-educacao-como-instrumento-de-transformacao\/"},"modified":"2024-11-11T09:41:46","modified_gmt":"2024-11-11T08:41:46","slug":"a-educacao-como-instrumento-de-transformacao","status":"publish","type":"post","link":"https:\/\/teresianaseuropa.org\/pt-pt\/a-educacao-como-instrumento-de-transformacao\/","title":{"rendered":"A educa\u00e7\u00e3o como instrumento de transforma\u00e7\u00e3o"},"content":{"rendered":"\n<p><strong>A forma\u00e7\u00e3o integral da pessoa \u00e9 o caminho para a constru\u00e7\u00e3o de uma sociedade mais justa, solid\u00e1ria e comprometida com o bem comum.<\/strong><\/p>\n\n<p>A educa\u00e7\u00e3o n\u00e3o \u00e9 apenas a transmiss\u00e3o de conhecimentos acad\u00e9micos; \u00e9, acima de tudo, um processo que promove o pleno desenvolvimento do ser humano em todas as suas dimens\u00f5es: intelectual, emocional, espiritual e social. Num mundo cada vez mais complexo e globalizado, \u00e9 essencial que a educa\u00e7\u00e3o fomente valores como a empatia, a justi\u00e7a, a responsabilidade e o respeito pela dignidade de cada pessoa. <\/p>\n\n<p>Como educadores teresianos, enfrentamos o desafio de formar indiv\u00edduos cr\u00edticos e comprometidos, capazes de questionar as injusti\u00e7as e trabalhar ativamente para uma mudan\u00e7a positiva nas suas comunidades. Acreditamos que a educa\u00e7\u00e3o deve ser uma for\u00e7a motriz para a participa\u00e7\u00e3o ativa na sociedade, promovendo a inclus\u00e3o e combatendo qualquer forma de exclus\u00e3o ou discrimina\u00e7\u00e3o. <\/p>\n\n<p>No nosso trabalho educativo, incorporamos princ\u00edpios de teologia e antropologia que nos permitem compreender o ser humano na sua rela\u00e7\u00e3o com Deus e com os outros. Esta abordagem hol\u00edstica ajuda-nos a promover uma educa\u00e7\u00e3o que n\u00e3o s\u00f3 informa mas tamb\u00e9m transforma, convidando os alunos a serem agentes de mudan\u00e7a nos seus ambientes. <\/p>\n\n<p>A crise social e \u00e9tica que vivemos atualmente obriga-nos a repensar os nossos modelos educativos. \u00c9 imperativo que a educa\u00e7\u00e3o seja acess\u00edvel a todos e orientada para a promo\u00e7\u00e3o da paz, da justi\u00e7a e do cuidado com o ambiente. S\u00f3 assim poderemos construir uma sociedade mais humana e solid\u00e1ria, em que cada pessoa possa desenvolver plenamente os seus talentos e contribuir para o bem comum.  <\/p>\n\n<p>Como Prov\u00edncia Teresiana Europeia, comprometemo-nos a continuar a trabalhar incansavelmente para promover uma educa\u00e7\u00e3o transformadora que forme pessoas livres, respons\u00e1veis e comprometidas com a constru\u00e7\u00e3o de um mundo melhor.<\/p>\n\n<p>Convidamos todos os educadores teresianos, fam\u00edlias e institui\u00e7\u00f5es colaboradoras a juntarem-se a este esfor\u00e7o coletivo. Juntos podemos fazer da educa\u00e7\u00e3o em todas as \u00e1reas o pilar fundamental para a transforma\u00e7\u00e3o social que o nosso mundo necessita. <\/p>\n","protected":false},"excerpt":{"rendered":"<p>A forma\u00e7\u00e3o integral da pessoa \u00e9 o caminho para a constru\u00e7\u00e3o de uma sociedade mais justa, solid\u00e1ria e comprometida com o bem comum. A educa\u00e7\u00e3o n\u00e3o \u00e9 apenas a transmiss\u00e3o [&hellip;]<\/p>\n","protected":false},"author":1,"featured_media":1310,"comment_status":"closed","ping_status":"closed","sticky":false,"template":"","format":"standard","meta":{"_et_pb_use_builder":"off","_et_pb_old_content":"","_et_gb_content_width":"","footnotes":""},"categories":[44],"tags":[],"class_list":["post-1641","post","type-post","status-publish","format-standard","has-post-thumbnail","hentry","category-olhar-teresiano"],"yoast_head":"<!-- This site is optimized with the Yoast SEO plugin v27.5 - https:\/\/yoast.com\/product\/yoast-seo-wordpress\/ -->\n<title>A educa\u00e7\u00e3o como instrumento de transforma\u00e7\u00e3o - Teresianas<\/title>\n<meta name=\"robots\" content=\"index, follow, max-snippet:-1, max-image-preview:large, max-video-preview:-1\" \/>\n<link rel=\"canonical\" href=\"https:\/\/teresianaseuropa.org\/pt-pt\/a-educacao-como-instrumento-de-transformacao\/\" \/>\n<meta property=\"og:locale\" content=\"pt_PT\" \/>\n<meta property=\"og:type\" content=\"article\" \/>\n<meta property=\"og:title\" content=\"A educa\u00e7\u00e3o como instrumento de transforma\u00e7\u00e3o - Teresianas\" \/>\n<meta property=\"og:description\" content=\"A forma\u00e7\u00e3o integral da pessoa \u00e9 o caminho para a constru\u00e7\u00e3o de uma sociedade mais justa, solid\u00e1ria e comprometida com o bem comum. A educa\u00e7\u00e3o n\u00e3o \u00e9 apenas a transmiss\u00e3o [&hellip;]\" \/>\n<meta property=\"og:url\" content=\"https:\/\/teresianaseuropa.org\/pt-pt\/a-educacao-como-instrumento-de-transformacao\/\" \/>\n<meta property=\"og:site_name\" content=\"Teresianas\" \/>\n<meta property=\"article:published_time\" content=\"2024-09-18T10:01:56+00:00\" \/>\n<meta property=\"article:modified_time\" content=\"2024-11-11T08:41:46+00:00\" \/>\n<meta property=\"og:image\" content=\"https:\/\/teresianaseuropa.org\/wp-content\/uploads\/2024\/09\/Miradas-transformacion-social.jpg\" \/>\n\t<meta property=\"og:image:width\" content=\"1200\" \/>\n\t<meta property=\"og:image:height\" content=\"750\" \/>\n\t<meta property=\"og:image:type\" content=\"image\/jpeg\" \/>\n<meta name=\"author\" content=\"admin\" \/>\n<meta name=\"twitter:card\" content=\"summary_large_image\" \/>\n<meta name=\"twitter:label1\" content=\"Escrito por\" \/>\n\t<meta name=\"twitter:data1\" content=\"admin\" \/>\n\t<meta name=\"twitter:label2\" content=\"Tempo estimado de leitura\" \/>\n\t<meta name=\"twitter:data2\" content=\"2 minutos\" \/>\n<script type=\"application\/ld+json\" class=\"yoast-schema-graph\">{\"@context\":\"https:\\\/\\\/schema.org\",\"@graph\":[{\"@type\":\"Article\",\"@id\":\"https:\\\/\\\/teresianaseuropa.org\\\/pt-pt\\\/a-educacao-como-instrumento-de-transformacao\\\/#article\",\"isPartOf\":{\"@id\":\"https:\\\/\\\/teresianaseuropa.org\\\/pt-pt\\\/a-educacao-como-instrumento-de-transformacao\\\/\"},\"author\":{\"name\":\"admin\",\"@id\":\"https:\\\/\\\/teresianaseuropa.org\\\/pt-pt\\\/#\\\/schema\\\/person\\\/ca7a1ce945bc287385a8a92f28b7bafe\"},\"headline\":\"A educa\u00e7\u00e3o como instrumento de transforma\u00e7\u00e3o\",\"datePublished\":\"2024-09-18T10:01:56+00:00\",\"dateModified\":\"2024-11-11T08:41:46+00:00\",\"mainEntityOfPage\":{\"@id\":\"https:\\\/\\\/teresianaseuropa.org\\\/pt-pt\\\/a-educacao-como-instrumento-de-transformacao\\\/\"},\"wordCount\":366,\"publisher\":{\"@id\":\"https:\\\/\\\/teresianaseuropa.org\\\/pt-pt\\\/#organization\"},\"image\":{\"@id\":\"https:\\\/\\\/teresianaseuropa.org\\\/pt-pt\\\/a-educacao-como-instrumento-de-transformacao\\\/#primaryimage\"},\"thumbnailUrl\":\"https:\\\/\\\/teresianaseuropa.org\\\/wp-content\\\/uploads\\\/2024\\\/09\\\/Miradas-transformacion-social.jpg\",\"articleSection\":[\"Olhar teresiano\"],\"inLanguage\":\"pt-PT\"},{\"@type\":\"WebPage\",\"@id\":\"https:\\\/\\\/teresianaseuropa.org\\\/pt-pt\\\/a-educacao-como-instrumento-de-transformacao\\\/\",\"url\":\"https:\\\/\\\/teresianaseuropa.org\\\/pt-pt\\\/a-educacao-como-instrumento-de-transformacao\\\/\",\"name\":\"A educa\u00e7\u00e3o como instrumento de transforma\u00e7\u00e3o - Teresianas\",\"isPartOf\":{\"@id\":\"https:\\\/\\\/teresianaseuropa.org\\\/pt-pt\\\/#website\"},\"primaryImageOfPage\":{\"@id\":\"https:\\\/\\\/teresianaseuropa.org\\\/pt-pt\\\/a-educacao-como-instrumento-de-transformacao\\\/#primaryimage\"},\"image\":{\"@id\":\"https:\\\/\\\/teresianaseuropa.org\\\/pt-pt\\\/a-educacao-como-instrumento-de-transformacao\\\/#primaryimage\"},\"thumbnailUrl\":\"https:\\\/\\\/teresianaseuropa.org\\\/wp-content\\\/uploads\\\/2024\\\/09\\\/Miradas-transformacion-social.jpg\",\"datePublished\":\"2024-09-18T10:01:56+00:00\",\"dateModified\":\"2024-11-11T08:41:46+00:00\",\"breadcrumb\":{\"@id\":\"https:\\\/\\\/teresianaseuropa.org\\\/pt-pt\\\/a-educacao-como-instrumento-de-transformacao\\\/#breadcrumb\"},\"inLanguage\":\"pt-PT\",\"potentialAction\":[{\"@type\":\"ReadAction\",\"target\":[\"https:\\\/\\\/teresianaseuropa.org\\\/pt-pt\\\/a-educacao-como-instrumento-de-transformacao\\\/\"]}]},{\"@type\":\"ImageObject\",\"inLanguage\":\"pt-PT\",\"@id\":\"https:\\\/\\\/teresianaseuropa.org\\\/pt-pt\\\/a-educacao-como-instrumento-de-transformacao\\\/#primaryimage\",\"url\":\"https:\\\/\\\/teresianaseuropa.org\\\/wp-content\\\/uploads\\\/2024\\\/09\\\/Miradas-transformacion-social.jpg\",\"contentUrl\":\"https:\\\/\\\/teresianaseuropa.org\\\/wp-content\\\/uploads\\\/2024\\\/09\\\/Miradas-transformacion-social.jpg\",\"width\":1200,\"height\":750},{\"@type\":\"BreadcrumbList\",\"@id\":\"https:\\\/\\\/teresianaseuropa.org\\\/pt-pt\\\/a-educacao-como-instrumento-de-transformacao\\\/#breadcrumb\",\"itemListElement\":[{\"@type\":\"ListItem\",\"position\":1,\"name\":\"Portada\",\"item\":\"https:\\\/\\\/teresianaseuropa.org\\\/pt-pt\\\/irmas-teresianas\\\/\"},{\"@type\":\"ListItem\",\"position\":2,\"name\":\"A educa\u00e7\u00e3o como instrumento de transforma\u00e7\u00e3o\"}]},{\"@type\":\"WebSite\",\"@id\":\"https:\\\/\\\/teresianaseuropa.org\\\/pt-pt\\\/#website\",\"url\":\"https:\\\/\\\/teresianaseuropa.org\\\/pt-pt\\\/\",\"name\":\"Teresianas Europa\",\"description\":\"\",\"publisher\":{\"@id\":\"https:\\\/\\\/teresianaseuropa.org\\\/pt-pt\\\/#organization\"},\"potentialAction\":[{\"@type\":\"SearchAction\",\"target\":{\"@type\":\"EntryPoint\",\"urlTemplate\":\"https:\\\/\\\/teresianaseuropa.org\\\/pt-pt\\\/?s={search_term_string}\"},\"query-input\":{\"@type\":\"PropertyValueSpecification\",\"valueRequired\":true,\"valueName\":\"search_term_string\"}}],\"inLanguage\":\"pt-PT\"},{\"@type\":\"Organization\",\"@id\":\"https:\\\/\\\/teresianaseuropa.org\\\/pt-pt\\\/#organization\",\"name\":\"Teresianas Provincia de Europa\",\"url\":\"https:\\\/\\\/teresianaseuropa.org\\\/pt-pt\\\/\",\"logo\":{\"@type\":\"ImageObject\",\"inLanguage\":\"pt-PT\",\"@id\":\"https:\\\/\\\/teresianaseuropa.org\\\/pt-pt\\\/#\\\/schema\\\/logo\\\/image\\\/\",\"url\":\"https:\\\/\\\/teresianaseuropa.org\\\/wp-content\\\/uploads\\\/2024\\\/07\\\/stjLogo.png\",\"contentUrl\":\"https:\\\/\\\/teresianaseuropa.org\\\/wp-content\\\/uploads\\\/2024\\\/07\\\/stjLogo.png\",\"width\":376,\"height\":194,\"caption\":\"Teresianas Provincia de Europa\"},\"image\":{\"@id\":\"https:\\\/\\\/teresianaseuropa.org\\\/pt-pt\\\/#\\\/schema\\\/logo\\\/image\\\/\"},\"sameAs\":[\"https:\\\/\\\/www.instagram.com\\\/teresianaseuropa\\\/\"]},{\"@type\":\"Person\",\"@id\":\"https:\\\/\\\/teresianaseuropa.org\\\/pt-pt\\\/#\\\/schema\\\/person\\\/ca7a1ce945bc287385a8a92f28b7bafe\",\"name\":\"admin\",\"image\":{\"@type\":\"ImageObject\",\"inLanguage\":\"pt-PT\",\"@id\":\"https:\\\/\\\/secure.gravatar.com\\\/avatar\\\/948b492cce32b586ac2db0eaa926ee87024f7afe218d73b397ea5ddfc5f43ea1?s=96&d=mm&r=g\",\"url\":\"https:\\\/\\\/secure.gravatar.com\\\/avatar\\\/948b492cce32b586ac2db0eaa926ee87024f7afe218d73b397ea5ddfc5f43ea1?s=96&d=mm&r=g\",\"contentUrl\":\"https:\\\/\\\/secure.gravatar.com\\\/avatar\\\/948b492cce32b586ac2db0eaa926ee87024f7afe218d73b397ea5ddfc5f43ea1?s=96&d=mm&r=g\",\"caption\":\"admin\"},\"sameAs\":[\"https:\\\/\\\/teresianaseuropa.org\"],\"url\":\"https:\\\/\\\/teresianaseuropa.org\\\/pt-pt\\\/author\\\/sjdigital\\\/\"}]}<\/script>\n<!-- \/ Yoast SEO plugin. -->","yoast_head_json":{"title":"A educa\u00e7\u00e3o como instrumento de transforma\u00e7\u00e3o - Teresianas","robots":{"index":"index","follow":"follow","max-snippet":"max-snippet:-1","max-image-preview":"max-image-preview:large","max-video-preview":"max-video-preview:-1"},"canonical":"https:\/\/teresianaseuropa.org\/pt-pt\/a-educacao-como-instrumento-de-transformacao\/","og_locale":"pt_PT","og_type":"article","og_title":"A educa\u00e7\u00e3o como instrumento de transforma\u00e7\u00e3o - Teresianas","og_description":"A forma\u00e7\u00e3o integral da pessoa \u00e9 o caminho para a constru\u00e7\u00e3o de uma sociedade mais justa, solid\u00e1ria e comprometida com o bem comum. A educa\u00e7\u00e3o n\u00e3o \u00e9 apenas a transmiss\u00e3o [&hellip;]","og_url":"https:\/\/teresianaseuropa.org\/pt-pt\/a-educacao-como-instrumento-de-transformacao\/","og_site_name":"Teresianas","article_published_time":"2024-09-18T10:01:56+00:00","article_modified_time":"2024-11-11T08:41:46+00:00","og_image":[{"width":1200,"height":750,"url":"https:\/\/teresianaseuropa.org\/wp-content\/uploads\/2024\/09\/Miradas-transformacion-social.jpg","type":"image\/jpeg"}],"author":"admin","twitter_card":"summary_large_image","twitter_misc":{"Escrito por":"admin","Tempo estimado de leitura":"2 minutos"},"schema":{"@context":"https:\/\/schema.org","@graph":[{"@type":"Article","@id":"https:\/\/teresianaseuropa.org\/pt-pt\/a-educacao-como-instrumento-de-transformacao\/#article","isPartOf":{"@id":"https:\/\/teresianaseuropa.org\/pt-pt\/a-educacao-como-instrumento-de-transformacao\/"},"author":{"name":"admin","@id":"https:\/\/teresianaseuropa.org\/pt-pt\/#\/schema\/person\/ca7a1ce945bc287385a8a92f28b7bafe"},"headline":"A educa\u00e7\u00e3o como instrumento de transforma\u00e7\u00e3o","datePublished":"2024-09-18T10:01:56+00:00","dateModified":"2024-11-11T08:41:46+00:00","mainEntityOfPage":{"@id":"https:\/\/teresianaseuropa.org\/pt-pt\/a-educacao-como-instrumento-de-transformacao\/"},"wordCount":366,"publisher":{"@id":"https:\/\/teresianaseuropa.org\/pt-pt\/#organization"},"image":{"@id":"https:\/\/teresianaseuropa.org\/pt-pt\/a-educacao-como-instrumento-de-transformacao\/#primaryimage"},"thumbnailUrl":"https:\/\/teresianaseuropa.org\/wp-content\/uploads\/2024\/09\/Miradas-transformacion-social.jpg","articleSection":["Olhar teresiano"],"inLanguage":"pt-PT"},{"@type":"WebPage","@id":"https:\/\/teresianaseuropa.org\/pt-pt\/a-educacao-como-instrumento-de-transformacao\/","url":"https:\/\/teresianaseuropa.org\/pt-pt\/a-educacao-como-instrumento-de-transformacao\/","name":"A educa\u00e7\u00e3o como instrumento de transforma\u00e7\u00e3o - Teresianas","isPartOf":{"@id":"https:\/\/teresianaseuropa.org\/pt-pt\/#website"},"primaryImageOfPage":{"@id":"https:\/\/teresianaseuropa.org\/pt-pt\/a-educacao-como-instrumento-de-transformacao\/#primaryimage"},"image":{"@id":"https:\/\/teresianaseuropa.org\/pt-pt\/a-educacao-como-instrumento-de-transformacao\/#primaryimage"},"thumbnailUrl":"https:\/\/teresianaseuropa.org\/wp-content\/uploads\/2024\/09\/Miradas-transformacion-social.jpg","datePublished":"2024-09-18T10:01:56+00:00","dateModified":"2024-11-11T08:41:46+00:00","breadcrumb":{"@id":"https:\/\/teresianaseuropa.org\/pt-pt\/a-educacao-como-instrumento-de-transformacao\/#breadcrumb"},"inLanguage":"pt-PT","potentialAction":[{"@type":"ReadAction","target":["https:\/\/teresianaseuropa.org\/pt-pt\/a-educacao-como-instrumento-de-transformacao\/"]}]},{"@type":"ImageObject","inLanguage":"pt-PT","@id":"https:\/\/teresianaseuropa.org\/pt-pt\/a-educacao-como-instrumento-de-transformacao\/#primaryimage","url":"https:\/\/teresianaseuropa.org\/wp-content\/uploads\/2024\/09\/Miradas-transformacion-social.jpg","contentUrl":"https:\/\/teresianaseuropa.org\/wp-content\/uploads\/2024\/09\/Miradas-transformacion-social.jpg","width":1200,"height":750},{"@type":"BreadcrumbList","@id":"https:\/\/teresianaseuropa.org\/pt-pt\/a-educacao-como-instrumento-de-transformacao\/#breadcrumb","itemListElement":[{"@type":"ListItem","position":1,"name":"Portada","item":"https:\/\/teresianaseuropa.org\/pt-pt\/irmas-teresianas\/"},{"@type":"ListItem","position":2,"name":"A educa\u00e7\u00e3o como instrumento de transforma\u00e7\u00e3o"}]},{"@type":"WebSite","@id":"https:\/\/teresianaseuropa.org\/pt-pt\/#website","url":"https:\/\/teresianaseuropa.org\/pt-pt\/","name":"Teresianas Europa","description":"","publisher":{"@id":"https:\/\/teresianaseuropa.org\/pt-pt\/#organization"},"potentialAction":[{"@type":"SearchAction","target":{"@type":"EntryPoint","urlTemplate":"https:\/\/teresianaseuropa.org\/pt-pt\/?s={search_term_string}"},"query-input":{"@type":"PropertyValueSpecification","valueRequired":true,"valueName":"search_term_string"}}],"inLanguage":"pt-PT"},{"@type":"Organization","@id":"https:\/\/teresianaseuropa.org\/pt-pt\/#organization","name":"Teresianas Provincia de Europa","url":"https:\/\/teresianaseuropa.org\/pt-pt\/","logo":{"@type":"ImageObject","inLanguage":"pt-PT","@id":"https:\/\/teresianaseuropa.org\/pt-pt\/#\/schema\/logo\/image\/","url":"https:\/\/teresianaseuropa.org\/wp-content\/uploads\/2024\/07\/stjLogo.png","contentUrl":"https:\/\/teresianaseuropa.org\/wp-content\/uploads\/2024\/07\/stjLogo.png","width":376,"height":194,"caption":"Teresianas Provincia de Europa"},"image":{"@id":"https:\/\/teresianaseuropa.org\/pt-pt\/#\/schema\/logo\/image\/"},"sameAs":["https:\/\/www.instagram.com\/teresianaseuropa\/"]},{"@type":"Person","@id":"https:\/\/teresianaseuropa.org\/pt-pt\/#\/schema\/person\/ca7a1ce945bc287385a8a92f28b7bafe","name":"admin","image":{"@type":"ImageObject","inLanguage":"pt-PT","@id":"https:\/\/secure.gravatar.com\/avatar\/948b492cce32b586ac2db0eaa926ee87024f7afe218d73b397ea5ddfc5f43ea1?s=96&d=mm&r=g","url":"https:\/\/secure.gravatar.com\/avatar\/948b492cce32b586ac2db0eaa926ee87024f7afe218d73b397ea5ddfc5f43ea1?s=96&d=mm&r=g","contentUrl":"https:\/\/secure.gravatar.com\/avatar\/948b492cce32b586ac2db0eaa926ee87024f7afe218d73b397ea5ddfc5f43ea1?s=96&d=mm&r=g","caption":"admin"},"sameAs":["https:\/\/teresianaseuropa.org"],"url":"https:\/\/teresianaseuropa.org\/pt-pt\/author\/sjdigital\/"}]}},"_links":{"self":[{"href":"https:\/\/teresianaseuropa.org\/pt-pt\/wp-json\/wp\/v2\/posts\/1641","targetHints":{"allow":["GET"]}}],"collection":[{"href":"https:\/\/teresianaseuropa.org\/pt-pt\/wp-json\/wp\/v2\/posts"}],"about":[{"href":"https:\/\/teresianaseuropa.org\/pt-pt\/wp-json\/wp\/v2\/types\/post"}],"author":[{"embeddable":true,"href":"https:\/\/teresianaseuropa.org\/pt-pt\/wp-json\/wp\/v2\/users\/1"}],"replies":[{"embeddable":true,"href":"https:\/\/teresianaseuropa.org\/pt-pt\/wp-json\/wp\/v2\/comments?post=1641"}],"version-history":[{"count":1,"href":"https:\/\/teresianaseuropa.org\/pt-pt\/wp-json\/wp\/v2\/posts\/1641\/revisions"}],"predecessor-version":[{"id":1644,"href":"https:\/\/teresianaseuropa.org\/pt-pt\/wp-json\/wp\/v2\/posts\/1641\/revisions\/1644"}],"wp:featuredmedia":[{"embeddable":true,"href":"https:\/\/teresianaseuropa.org\/pt-pt\/wp-json\/wp\/v2\/media\/1310"}],"wp:attachment":[{"href":"https:\/\/teresianaseuropa.org\/pt-pt\/wp-json\/wp\/v2\/media?parent=1641"}],"wp:term":[{"taxonomy":"category","embeddable":true,"href":"https:\/\/teresianaseuropa.org\/pt-pt\/wp-json\/wp\/v2\/categories?post=1641"},{"taxonomy":"post_tag","embeddable":true,"href":"https:\/\/teresianaseuropa.org\/pt-pt\/wp-json\/wp\/v2\/tags?post=1641"}],"curies":[{"name":"wp","href":"https:\/\/api.w.org\/{rel}","templated":true}]}}